{"id":975,"date":"2019-10-21T12:06:00","date_gmt":"2019-10-21T11:06:00","guid":{"rendered":"https:\/\/www.maacks.com\/?p=975"},"modified":"2025-06-17T13:17:52","modified_gmt":"2025-06-17T11:17:52","slug":"fano-kommune-optimerer-tomning-af-containere","status":"publish","type":"post","link":"https:\/\/www.maacks.com\/de\/news-events\/pressemeddelelser\/fano-kommune-optimerer-tomning-af-containere\/","title":{"rendered":"Die Gemeinde Fan\u00f8 optimiert die Entleerung auf Recyclingh\u00f6fen: Ziel ist es, die Kosten um 25 Prozent zu senken"},"content":{"rendered":"<div data-elementor-type=\"wp-post\" data-elementor-id=\"975\" class=\"elementor elementor-975\" data-elementor-post-type=\"post\">\n\t\t\t\t\t\t<section class=\"elementor-section elementor-top-section elementor-element elementor-element-022c759 elementor-section-boxed elementor-section-height-default elementor-section-height-default\" data-id=\"022c759\" data-element_type=\"section\" data-e-type=\"section\">\n\t\t\t\t\t\t<div class=\"elementor-container elementor-column-gap-default\">\n\t\t\t\t\t<div class=\"elementor-column elementor-col-100 elementor-top-column elementor-element elementor-element-8057b1a\" data-id=\"8057b1a\" data-element_type=\"column\" data-e-type=\"column\">\n\t\t\t<div class=\"elementor-widget-wrap elementor-element-populated\">\n\t\t\t\t\t\t<div class=\"elementor-element elementor-element-f24eadb elementor-widget elementor-widget-text-editor\" data-id=\"f24eadb\" data-element_type=\"widget\" data-e-type=\"widget\" data-widget_type=\"text-editor.default\">\n\t\t\t\t<div class=\"elementor-widget-container\">\n\t\t\t\t\t\t\t\t\t<p><em>Im Laufe der Saison schwankt die Einwohnerzahl in der Gemeinde Fan\u00f8 zwischen 3.000 und 50.000 Menschen, was es schwierig macht, halbleere oder \u00fcberf\u00fcllte Abfallbeh\u00e4lter bei festen Leerungsintervallen zu vermeiden. Im Sommer installierte die Gemeinde Fan\u00f8 daher intelligente Sensoren, um den tats\u00e4chlichen F\u00fcllstand der Container zu messen. Die Erwartungen sind hoch.<\/em><br><\/p>\t\t\t\t\t\t\t\t<\/div>\n\t\t\t\t<\/div>\n\t\t\t\t\t<\/div>\n\t\t<\/div>\n\t\t\t\t\t<\/div>\n\t\t<\/section>\n\t\t\t\t<section class=\"elementor-section elementor-top-section elementor-element elementor-element-9796d59 elementor-section-boxed elementor-section-height-default elementor-section-height-default\" data-id=\"9796d59\" data-element_type=\"section\" data-e-type=\"section\">\n\t\t\t\t\t\t<div class=\"elementor-container elementor-column-gap-default\">\n\t\t\t\t\t<div class=\"elementor-column elementor-col-100 elementor-top-column elementor-element elementor-element-8787795\" data-id=\"8787795\" data-element_type=\"column\" data-e-type=\"column\">\n\t\t\t<div class=\"elementor-widget-wrap elementor-element-populated\">\n\t\t\t\t\t\t\t<\/div>\n\t\t<\/div>\n\t\t\t\t\t<\/div>\n\t\t<\/section>\n\t\t\t\t<section class=\"elementor-section elementor-top-section elementor-element elementor-element-02da742 elementor-section-boxed elementor-section-height-default elementor-section-height-default\" data-id=\"02da742\" data-element_type=\"section\" data-e-type=\"section\">\n\t\t\t\t\t\t<div class=\"elementor-container elementor-column-gap-default\">\n\t\t\t\t\t<div class=\"elementor-column elementor-col-100 elementor-top-column elementor-element elementor-element-0b84115\" data-id=\"0b84115\" data-element_type=\"column\" data-e-type=\"column\">\n\t\t\t<div class=\"elementor-widget-wrap elementor-element-populated\">\n\t\t\t\t\t\t<div class=\"elementor-element elementor-element-55f930b elementor-widget elementor-widget-text-editor\" data-id=\"55f930b\" data-element_type=\"widget\" data-e-type=\"widget\" data-widget_type=\"text-editor.default\">\n\t\t\t\t<div class=\"elementor-widget-container\">\n\t\t\t\t\t\t\t\t\t<p>In den letzten Jahren hat die Gemeinde Fan\u00f8 ihre sechs Super-Recyclingstationen  und acht regul\u00e4ren Recyclingstationen  modernisiert. Letztere bedienen vor allem die ca. 3.400 st\u00e4ndigen Einwohnern und umfasst die Erfassung von unter anderem Pappe, Plastik und Dosen. Die meisten Super-Recyclingstationen  befinden sich in der N\u00e4he der ca. 2.900 Ferienh\u00e4user und bieten auch die Abholung von Bio- und Restm\u00fcll an.<\/p><p>\u00a0<\/p><h2>Unm\u00f6glich zu planen<\/h2><p>Mads S\u00f8rensen, leitender Ingenieur in der technischen Verwaltung, sagt, dass es fast unm\u00f6glich ist, eine effiziente Entleerung der insgesamt 82 Container, die an den 14 Recyclingstationen  verteilt sind, im Voraus zu planen. In den Gebieten mit st\u00e4ndigen Einwohnern sind die Container in der Regel innerhalb eines halben bis ganzen Monats gef\u00fcllt. In den Sommerhausgebieten variiert sie von 1-2 Tagen bis zu mehreren Wochen. Alle Container sind halb in der Erde versenkt und fassen bis zu drei Kubikmeter Abfall.<\/p><p>\u201eWir k\u00f6nnen unsere Leerungen einfach nicht planen, da ein paar Sonnentage das Bild komplett ver\u00e4ndern k\u00f6nnen. Bisher erfolgte die Entleerung nach \"Bauchgef\u00fchl\", und so machen wir es normalerweise.\u201c sagt Mads S\u00f8rensen.<\/p><p>\u201eWir ben\u00f6tigen die richtigen Daten und Unterlagen, damit wir die bestm\u00f6gliche Entscheidungsgrundlage daf\u00fcr haben, wann die Container geleert werden m\u00fcssen und wie wir die effizienteste Route sicherstellen k\u00f6nnen. Das Entleeren in festen Intervallen macht keinen Sinn und f\u00fchrt zu unn\u00f6tigen Fahrten.\u201c f\u00fcgt er hinzu.\u00a0<\/p><p>Mehr Internethandel und ein gestiegenes Umweltbewusstsein bei B\u00fcrgern und Touristen haben die Abfallmenge erh\u00f6ht, so dass der Leerungsbedarf nun ca. 20 Prozent h\u00f6her ist als damals, wo das Angebot abgegeben wurde. Es besteht also die Notwendigkeit, eine bessere Wirtschaftlichkeit zu erreichen und gleichzeitig zu sichern, dass die B\u00fcrger keine \u00fcberf\u00fcllten Abfallbeh\u00e4ltern vorfinden.<\/p>\t\t\t\t\t\t\t\t<\/div>\n\t\t\t\t<\/div>\n\t\t\t\t\t<\/div>\n\t\t<\/div>\n\t\t\t\t\t<\/div>\n\t\t<\/section>\n\t\t\t\t<section class=\"elementor-section elementor-top-section elementor-element elementor-element-48b75d5 elementor-section-boxed elementor-section-height-default elementor-section-height-default\" data-id=\"48b75d5\" data-element_type=\"section\" data-e-type=\"section\">\n\t\t\t\t\t\t<div class=\"elementor-container elementor-column-gap-default\">\n\t\t\t\t\t<div class=\"elementor-column elementor-col-100 elementor-top-column elementor-element elementor-element-903d548\" data-id=\"903d548\" data-element_type=\"column\" data-e-type=\"column\">\n\t\t\t<div class=\"elementor-widget-wrap elementor-element-populated\">\n\t\t\t\t\t\t<div class=\"elementor-element elementor-element-eb62369 elementor-widget elementor-widget-image\" data-id=\"eb62369\" data-element_type=\"widget\" data-e-type=\"widget\" data-widget_type=\"image.default\">\n\t\t\t\t<div class=\"elementor-widget-container\">\n\t\t\t\t\t\t\t\t\t\t\t\t\t\t\t<img fetchpriority=\"high\" decoding=\"async\" width=\"800\" height=\"445\" src=\"https:\/\/www.maacks.com\/wp-content\/uploads\/2022\/10\/Fanoe-Kommune_Mads-Soerensen_P1000472_1080x600-1024x569.png\" class=\"attachment-large size-large wp-image-980\" alt=\"Mads S\u00f8rensen ved Kommunens containere\" srcset=\"https:\/\/www.maacks.com\/wp-content\/uploads\/2022\/10\/Fanoe-Kommune_Mads-Soerensen_P1000472_1080x600-1024x569.png 1024w, https:\/\/www.maacks.com\/wp-content\/uploads\/2022\/10\/Fanoe-Kommune_Mads-Soerensen_P1000472_1080x600-300x167.png 300w, https:\/\/www.maacks.com\/wp-content\/uploads\/2022\/10\/Fanoe-Kommune_Mads-Soerensen_P1000472_1080x600-768x427.png 768w, https:\/\/www.maacks.com\/wp-content\/uploads\/2022\/10\/Fanoe-Kommune_Mads-Soerensen_P1000472_1080x600-18x10.png 18w, https:\/\/www.maacks.com\/wp-content\/uploads\/2022\/10\/Fanoe-Kommune_Mads-Soerensen_P1000472_1080x600.png 1080w\" sizes=\"(max-width: 800px) 100vw, 800px\" \/>\t\t\t\t\t\t\t\t\t\t\t\t\t\t\t<\/div>\n\t\t\t\t<\/div>\n\t\t\t\t<div class=\"elementor-element elementor-element-31fbc39 elementor-widget elementor-widget-text-editor\" data-id=\"31fbc39\" data-element_type=\"widget\" data-e-type=\"widget\" data-widget_type=\"text-editor.default\">\n\t\t\t\t<div class=\"elementor-widget-container\">\n\t\t\t\t\t\t\t\t\t<i><span style=\"font-size: 11.0pt; font-family: 'Arial',sans-serif; mso-fareast-font-family: Calibri; mso-fareast-theme-font: minor-latin; mso-ansi-language: DA; mso-fareast-language: EN-US; mso-bidi-language: AR-SA;\">Der Sensor BrainyBins Ultra Sensor wird im oberen Teil des Beh\u00e4lters installiert, wo er kontinuierlich den F\u00fcllstand \u00fcberwacht und meldet.<\/span><\/i>\t\t\t\t\t\t\t\t<\/div>\n\t\t\t\t<\/div>\n\t\t\t\t\t<\/div>\n\t\t<\/div>\n\t\t\t\t\t<\/div>\n\t\t<\/section>\n\t\t\t\t<section class=\"elementor-section elementor-top-section elementor-element elementor-element-43e3afa elementor-section-boxed elementor-section-height-default elementor-section-height-default\" data-id=\"43e3afa\" data-element_type=\"section\" data-e-type=\"section\">\n\t\t\t\t\t\t<div class=\"elementor-container elementor-column-gap-default\">\n\t\t\t\t\t<div class=\"elementor-column elementor-col-100 elementor-top-column elementor-element elementor-element-62aac62\" data-id=\"62aac62\" data-element_type=\"column\" data-e-type=\"column\">\n\t\t\t<div class=\"elementor-widget-wrap elementor-element-populated\">\n\t\t\t\t\t\t<div class=\"elementor-element elementor-element-b3d7316 elementor-widget elementor-widget-text-editor\" data-id=\"b3d7316\" data-element_type=\"widget\" data-e-type=\"widget\" data-widget_type=\"text-editor.default\">\n\t\t\t\t<div class=\"elementor-widget-container\">\n\t\t\t\t\t\t\t\t\t<h2>\u00a0<\/h2><h2>Sensoren schaffen \u00dcberblik<\/h2><p>In diesem Sommer entschied sich die Gemeinde Fan\u00f8, BrainyBins Ultra Sensoren und die BrainyBins Software f\u00fcr alle 82 Container der Insel zu installieren. Beide Teile werden von der in Sonderborg ans\u00e4ssigen Firma Maacks geliefert, die sich auf die Digitalisierung der Abfallwirtschaft spezialisiert hat.<\/p><p>Der Einsatz von IoT-basierten F\u00fcllstandssensoren macht die Fan\u00f8 Kommune auch zu einem der Vorreiter in Sachen Digitalisierung. IoT ist eine Technologie, die Dinge \u00fcber das Internet verbindet, sodass sie kontinuierlich die erforderlichen Daten \u2013 in diesem Fall \u00fcber die Container \u2013 senden k\u00f6nnen.\u00a0<\/p><p>Die Sensoren werden im Deckel der Abfallbeh\u00e4lter installiert, messen dort den F\u00fcllstand und geben die Daten per Cloud an die Gemeinde weiter. Die Signale werden bis zu 60-mal am Tag \u00fcber das bundesweite Sigfox-Netzwerk gesendet. Dies sichert minimalen Batterieverbrauch, niedrige Kosten und eine gute Abdeckung.\u00a0\u00a0<\/p><p>\u201eAuf meinem Bildschirm habe ich jetzt alle Beh\u00e4lter im \u00dcberblick und daneben sind die F\u00fcllst\u00e4nde in gr\u00fcn, gelb oder rot markiert. Basierend auf diesen Informationen markiere ich die zu leerenden Container und erstelle einen Routenplan, den ich dann an den Auftragnehmer sende. Dieser erh\u00e4lt die Daten via der BrainyBins App. Dieselbe App wird vom Auftragnehmer verwendet, um zu melden, wann die Beh\u00e4lter geleert wurden. Au\u00dferdem kann ich die F\u00fcllhistorie f\u00fcr jeden einzelnen Beh\u00e4lter einsehen und so einsch\u00e4tzen, wie dringend es ist, ihn zu leeren.\u201c sagt Mads S\u00f8rensen.\u00a0<\/p><h2>\u00a0<\/h2><h2>Gute Ergebnisse<\/h2><p>\u201eDie BrainyBins Sensoren und die BrainyBins Software wurden nun ca. zwei Monate lang getestet, und die Erfahrungen sind gut.\u201c sagt Mads S\u00f8rensen. \u201eWenn der Sensor erkennt, dass der Beh\u00e4lter zu 90 Prozent gef\u00fcllt ist, dann passt es. Am Anfang war die Genauigkeit nicht so gut, aber zusammen mit Maacks haben wir herausgefunden, dass der Sensor etwas anders platziert werden musste, um Fehlsignale zu vermeiden. Zus\u00e4tzlich sorgt ein eingebauter Algorithmus daf\u00fcr, dass der Sensor st\u00e4ndig dazulernt und genauer wird.\u201c<\/p><p>\u201eWir gehen davon aus, dass die Installation von Sensoren zur F\u00fcllstandsmessung in unseren Beh\u00e4ltern wirtschaftlich ist und sich die Investition in \u00fcberschaubarer Zeit amortisiert.\u201c fasst Mads S\u00f8rensen zusammen.<\/p><p>Ziel ist es, die Entleerungen um bis zu 25 Prozent zu reduzieren, so dass die Anzahl auf das Niveau der urspr\u00fcnglichen Ausschreibung sinkt.<\/p><p>Laut Mads S\u00f8rensen zeigen die Erfahrungen der ersten zwei Monate, dass die Zahl der Entleerungen um 20 Prozent zur\u00fcckgegangen ist und die Gemeinde damit dem Ziel einer Reduzierung um 25 Prozent bereits sehr nahe ist.<\/p>\t\t\t\t\t\t\t\t<\/div>\n\t\t\t\t<\/div>\n\t\t\t\t\t<\/div>\n\t\t<\/div>\n\t\t\t\t\t<\/div>\n\t\t<\/section>\n\t\t\t\t<section class=\"elementor-section elementor-top-section elementor-element elementor-element-ad6cc2c elementor-section-boxed elementor-section-height-default elementor-section-height-default\" data-id=\"ad6cc2c\" data-element_type=\"section\" data-e-type=\"section\">\n\t\t\t\t\t\t<div class=\"elementor-container elementor-column-gap-default\">\n\t\t\t\t\t<div class=\"elementor-column elementor-col-100 elementor-top-column elementor-element elementor-element-4a713be\" data-id=\"4a713be\" data-element_type=\"column\" data-e-type=\"column\">\n\t\t\t<div class=\"elementor-widget-wrap elementor-element-populated\">\n\t\t\t\t\t\t<div class=\"elementor-element elementor-element-2893603 elementor-widget-divider--view-line elementor-widget elementor-widget-divider\" data-id=\"2893603\" data-element_type=\"widget\" data-e-type=\"widget\" data-widget_type=\"divider.default\">\n\t\t\t\t<div class=\"elementor-widget-container\">\n\t\t\t\t\t\t\t<div class=\"elementor-divider\">\n\t\t\t<span class=\"elementor-divider-separator\">\n\t\t\t\t\t\t<\/span>\n\t\t<\/div>\n\t\t\t\t\t\t<\/div>\n\t\t\t\t<\/div>\n\t\t\t\t\t<\/div>\n\t\t<\/div>\n\t\t\t\t\t<\/div>\n\t\t<\/section>\n\t\t\t\t<section class=\"elementor-section elementor-top-section elementor-element elementor-element-5b9b20f elementor-section-boxed elementor-section-height-default elementor-section-height-default\" data-id=\"5b9b20f\" data-element_type=\"section\" data-e-type=\"section\">\n\t\t\t\t\t\t<div class=\"elementor-container elementor-column-gap-default\">\n\t\t\t\t\t<div class=\"elementor-column elementor-col-100 elementor-top-column elementor-element elementor-element-89558bc\" data-id=\"89558bc\" data-element_type=\"column\" data-e-type=\"column\">\n\t\t\t<div class=\"elementor-widget-wrap elementor-element-populated\">\n\t\t\t\t\t\t<div class=\"elementor-element elementor-element-d8d075a elementor-widget elementor-widget-text-editor\" data-id=\"d8d075a\" data-element_type=\"widget\" data-e-type=\"widget\" data-widget_type=\"text-editor.default\">\n\t\t\t\t<div class=\"elementor-widget-container\">\n\t\t\t\t\t\t\t\t\t<h3><strong>FAKTEN<\/strong><\/h3><p><strong>1.<\/strong><br \/>Der BrainyBins Sensor wird im oberen Teil des Beh\u00e4lters platziert, wo er F\u00fcllstand, ggf. Temperatur, Standort usw. misst. Die eingebaute Batterie hat eine lange Lebensdauer und alle Teile im Sensor k\u00f6nnen demontiert und korrekt wiederverwendet werden.<\/p><p><strong>2.<\/strong><br \/>Die Daten werden drahtlos \u2013 bis zu 60-mal am Tag \u2013 \u00fcber das bundesweite Sigfox-Netzwerk versendet und im BraiyBins System verwaltet.<\/p><p><strong>3.<\/strong><br \/>Die Mitarbeiter haben via App oder PC automatisch Zugriff auf Messwerte, Statistiken, Verwaltung der Beh\u00e4lterentleerung etc.<\/p><p>Das Sigfox-Netzwerk ist ein sicheres, wirtschaftliches und umweltfreundliches Niedrigenergie-Netzwerk, das die Ger\u00e4te mit dem Internet verbindet, um Dinge messbar zu machen und somit das IoT zu erm\u00f6glichen.<\/p>\t\t\t\t\t\t\t\t<\/div>\n\t\t\t\t<\/div>\n\t\t\t\t\t<\/div>\n\t\t<\/div>\n\t\t\t\t\t<\/div>\n\t\t<\/section>\n\t\t\t\t<section class=\"elementor-section elementor-top-section elementor-element elementor-element-80a1dba elementor-section-boxed elementor-section-height-default elementor-section-height-default\" data-id=\"80a1dba\" data-element_type=\"section\" data-e-type=\"section\">\n\t\t\t\t\t\t<div class=\"elementor-container elementor-column-gap-default\">\n\t\t\t\t\t<div class=\"elementor-column elementor-col-100 elementor-top-column elementor-element elementor-element-7dd5077\" data-id=\"7dd5077\" data-element_type=\"column\" data-e-type=\"column\">\n\t\t\t<div class=\"elementor-widget-wrap elementor-element-populated\">\n\t\t\t\t\t\t<div class=\"elementor-element elementor-element-f49b975 elementor-widget-divider--view-line elementor-widget elementor-widget-divider\" data-id=\"f49b975\" data-element_type=\"widget\" data-e-type=\"widget\" data-widget_type=\"divider.default\">\n\t\t\t\t<div class=\"elementor-widget-container\">\n\t\t\t\t\t\t\t<div class=\"elementor-divider\">\n\t\t\t<span class=\"elementor-divider-separator\">\n\t\t\t\t\t\t<\/span>\n\t\t<\/div>\n\t\t\t\t\t\t<\/div>\n\t\t\t\t<\/div>\n\t\t\t\t\t<\/div>\n\t\t<\/div>\n\t\t\t\t\t<\/div>\n\t\t<\/section>\n\t\t\t\t<section class=\"elementor-section elementor-top-section elementor-element elementor-element-6966037 elementor-section-boxed elementor-section-height-default elementor-section-height-default\" data-id=\"6966037\" data-element_type=\"section\" data-e-type=\"section\">\n\t\t\t\t\t\t<div class=\"elementor-container elementor-column-gap-default\">\n\t\t\t\t\t<div class=\"elementor-column elementor-col-100 elementor-top-column elementor-element elementor-element-11ec0f2\" data-id=\"11ec0f2\" data-element_type=\"column\" data-e-type=\"column\">\n\t\t\t<div class=\"elementor-widget-wrap elementor-element-populated\">\n\t\t\t\t\t\t<div class=\"elementor-element elementor-element-8e2af0f elementor-widget elementor-widget-text-editor\" data-id=\"8e2af0f\" data-element_type=\"widget\" data-e-type=\"widget\" data-widget_type=\"text-editor.default\">\n\t\t\t\t<div class=\"elementor-widget-container\">\n\t\t\t\t\t\t\t\t\t<h2>\u00a0<\/h2><h2>Das Transportunternehmen ist verbunden<\/h2><p>\u201eDer Unternehmer ist vielleicht etwas besorgt, weil er bef\u00fcrchtet, weniger Container leeren zu m\u00fcssen, aber das sollte er nicht sein.\u201c sagt Mads S\u00f8rensen. Es vermeidet lediglich den Zeitaufwand f\u00fcr die \u00dcberpr\u00fcfung von Containern, die sich als nur halb voll herausstellen und deren Entleerung und Abrechnung keinen Sinn macht. Und damit reduziert sich sein Verwaltungsaufwand, weil er die Abrechnung direkt \u00fcber die BrainyBins App gesendet bekommt. Es ist ein nat\u00fcrlicher Bestandteil des Projekts, dass der Transportunternehmer als n\u00e4chster Schritt in diesem Herbst an das System angeschlossen wird.<\/p><p>\u201eWenn der Unternehmer verbunden ist, erh\u00e4lt er die Auftr\u00e4ge f\u00fcr die Entleerung direkt aus dem System. Bisher machen wir die Routenplanung selbst.\u201c sagt Mads S\u00f8rensen. \u201eEs ist einfach und handhabbar mit der Software von Maacks zu arbeiten, die ein integrierter Bestandteil der L\u00f6sung mit den BrainyBins Ultra Sensoren ist. Auf die Gefahr hin, dass es zu kommerziell klingt, hat diese eine wirklich gute Benutzeroberfl\u00e4che.\u201c betont Mads S\u00f8rensen.\u00a0<\/p><p>Mads S\u00f8rensen erkennt auch andere Vorteile. Die Beschwerden von B\u00fcrgerinnen und B\u00fcrgern \u00fcber die fehlende Leerung der Abfallbeh\u00e4lter k\u00f6nnen nun problemlos von der Gemeinde dokumentiert werden, z. B. kann nun best\u00e4tigt werden, ob die Beh\u00e4lter geleert werden oder nicht.<\/p>\t\t\t\t\t\t\t\t<\/div>\n\t\t\t\t<\/div>\n\t\t\t\t\t<\/div>\n\t\t<\/div>\n\t\t\t\t\t<\/div>\n\t\t<\/section>\n\t\t\t\t<section class=\"elementor-section elementor-top-section elementor-element elementor-element-ca624a8 elementor-section-boxed elementor-section-height-default elementor-section-height-default\" data-id=\"ca624a8\" data-element_type=\"section\" data-e-type=\"section\">\n\t\t\t\t\t\t<div class=\"elementor-container elementor-column-gap-default\">\n\t\t\t\t\t<div class=\"elementor-column elementor-col-100 elementor-top-column elementor-element elementor-element-d2fe2b5\" data-id=\"d2fe2b5\" data-element_type=\"column\" data-e-type=\"column\">\n\t\t\t<div class=\"elementor-widget-wrap elementor-element-populated\">\n\t\t\t\t\t\t<div class=\"elementor-element elementor-element-7ba7546 elementor-widget elementor-widget-image\" data-id=\"7ba7546\" data-element_type=\"widget\" data-e-type=\"widget\" data-widget_type=\"image.default\">\n\t\t\t\t<div class=\"elementor-widget-container\">\n\t\t\t\t\t\t\t\t\t\t\t\t\t\t\t<img decoding=\"async\" width=\"800\" height=\"445\" src=\"https:\/\/www.maacks.com\/wp-content\/uploads\/2022\/10\/Fanoe-Kommune_Mads-Soerensen_P1000464_1080x600-1024x569.png\" class=\"attachment-large size-large wp-image-988\" alt=\"Mads S\u00f8rensen fremh\u00e6ver den nemme betjening af BrainyBins softwaren.\" srcset=\"https:\/\/www.maacks.com\/wp-content\/uploads\/2022\/10\/Fanoe-Kommune_Mads-Soerensen_P1000464_1080x600-1024x569.png 1024w, https:\/\/www.maacks.com\/wp-content\/uploads\/2022\/10\/Fanoe-Kommune_Mads-Soerensen_P1000464_1080x600-300x167.png 300w, https:\/\/www.maacks.com\/wp-content\/uploads\/2022\/10\/Fanoe-Kommune_Mads-Soerensen_P1000464_1080x600-768x427.png 768w, https:\/\/www.maacks.com\/wp-content\/uploads\/2022\/10\/Fanoe-Kommune_Mads-Soerensen_P1000464_1080x600-18x10.png 18w, https:\/\/www.maacks.com\/wp-content\/uploads\/2022\/10\/Fanoe-Kommune_Mads-Soerensen_P1000464_1080x600.png 1080w\" sizes=\"(max-width: 800px) 100vw, 800px\" \/>\t\t\t\t\t\t\t\t\t\t\t\t\t\t\t<\/div>\n\t\t\t\t<\/div>\n\t\t\t\t<div class=\"elementor-element elementor-element-05511e2 elementor-widget elementor-widget-text-editor\" data-id=\"05511e2\" data-element_type=\"widget\" data-e-type=\"widget\" data-widget_type=\"text-editor.default\">\n\t\t\t\t<div class=\"elementor-widget-container\">\n\t\t\t\t\t\t\t\t\t<p><i><span style=\"font-size: 11.0pt; font-family: 'Arial',sans-serif; mso-fareast-font-family: Calibri; mso-fareast-theme-font: minor-latin; mso-ansi-language: DA; mso-fareast-language: EN-US; mso-bidi-language: AR-SA;\">Mads S\u00f8rensen hebt die gute \u00dcbersicht \u00fcber die F\u00fcllst\u00e4nde hervor, die die BrainyBins Software f\u00fcr alle Container der Gemeinde bietet.<\/span><\/i><\/p>\t\t\t\t\t\t\t\t<\/div>\n\t\t\t\t<\/div>\n\t\t\t\t\t<\/div>\n\t\t<\/div>\n\t\t\t\t\t<\/div>\n\t\t<\/section>\n\t\t\t\t<section class=\"elementor-section elementor-top-section elementor-element elementor-element-e29a563 elementor-section-boxed elementor-section-height-default elementor-section-height-default\" data-id=\"e29a563\" data-element_type=\"section\" data-e-type=\"section\">\n\t\t\t\t\t\t<div class=\"elementor-container elementor-column-gap-default\">\n\t\t\t\t\t<div class=\"elementor-column elementor-col-100 elementor-top-column elementor-element elementor-element-19bc1cf\" data-id=\"19bc1cf\" data-element_type=\"column\" data-e-type=\"column\">\n\t\t\t<div class=\"elementor-widget-wrap elementor-element-populated\">\n\t\t\t\t\t\t<div class=\"elementor-element elementor-element-9545938 elementor-widget elementor-widget-text-editor\" data-id=\"9545938\" data-element_type=\"widget\" data-e-type=\"widget\" data-widget_type=\"text-editor.default\">\n\t\t\t\t<div class=\"elementor-widget-container\">\n\t\t\t\t\t\t\t\t\t<h2>\u00a0<\/h2><h2>Mehr Sensoren f\u00fcr die Gemeinde Fan\u00f8<\/h2><p>Im Oktober hat die Kommune noch einen Auftrag f\u00fcr die Installation von BrainyBins Radar Sensoren erteilt, die schnellstm\u00f6glich installiert werden.<\/p>\t\t\t\t\t\t\t\t<\/div>\n\t\t\t\t<\/div>\n\t\t\t\t\t<\/div>\n\t\t<\/div>\n\t\t\t\t\t<\/div>\n\t\t<\/section>\n\t\t\t\t<section class=\"elementor-section elementor-top-section elementor-element elementor-element-449083f elementor-section-boxed elementor-section-height-default elementor-section-height-default\" data-id=\"449083f\" data-element_type=\"section\" data-e-type=\"section\">\n\t\t\t\t\t\t<div class=\"elementor-container elementor-column-gap-default\">\n\t\t\t\t\t<div class=\"elementor-column elementor-col-100 elementor-top-column elementor-element elementor-element-8a39160\" data-id=\"8a39160\" data-element_type=\"column\" data-e-type=\"column\">\n\t\t\t<div class=\"elementor-widget-wrap elementor-element-populated\">\n\t\t\t\t\t\t<div class=\"elementor-element elementor-element-3bbfaac elementor-widget elementor-widget-text-editor\" data-id=\"3bbfaac\" data-element_type=\"widget\" data-e-type=\"widget\" data-widget_type=\"text-editor.default\">\n\t\t\t\t<div class=\"elementor-widget-container\">\n\t\t\t\t\t\t\t\t\t<p><strong>Weitere Informationen\u00a0<\/strong><\/p><p>Telefon <a href=\"tel:+ 4542436011\" data-type=\"tel\" data-id=\"tel:+ 4542436011\">+ 45 4243 6000<\/a><br \/><a href=\"mailto:info@maacks.com\">info@maacks.com<\/a><\/p>\t\t\t\t\t\t\t\t<\/div>\n\t\t\t\t<\/div>\n\t\t\t\t\t<\/div>\n\t\t<\/div>\n\t\t\t\t\t<\/div>\n\t\t<\/section>\n\t\t\t\t<\/div>","protected":false},"excerpt":{"rendered":"<p>Die Gemeinde Fan\u00f8 optimiert mithilfe von Maacks BrainyBins Radar Sensoren und der dazugeh\u00f6rigen BrainyBins Software die Entleerungen auf ihren Recyclingsstationen.<\/p>","protected":false},"author":2,"featured_media":977,"comment_status":"open","ping_status":"open","sticky":true,"template":"","format":"standard","meta":{"footnotes":""},"categories":[8],"tags":[14,37,24,53,28,52,30,51],"class_list":["post-975","post","type-post","status-publish","format-standard","has-post-thumbnail","hentry","category-pressemeddelelser","tag-automatisering-af-toemning","tag-besparelse-af-tid-og-resourcer","tag-brainybins","tag-fanoe-kommune-optimerer-toemning","tag-radarsensor","tag-reducere-omkostningerne","tag-toemning-af-skraldespande","tag-toemning-paa-genbrugsstationer"],"_links":{"self":[{"href":"https:\/\/www.maacks.com\/de\/wp-json\/wp\/v2\/posts\/975","targetHints":{"allow":["GET"]}}],"collection":[{"href":"https:\/\/www.maacks.com\/de\/wp-json\/wp\/v2\/posts"}],"about":[{"href":"https:\/\/www.maacks.com\/de\/wp-json\/wp\/v2\/types\/post"}],"author":[{"embeddable":true,"href":"https:\/\/www.maacks.com\/de\/wp-json\/wp\/v2\/users\/2"}],"replies":[{"embeddable":true,"href":"https:\/\/www.maacks.com\/de\/wp-json\/wp\/v2\/comments?post=975"}],"version-history":[{"count":0,"href":"https:\/\/www.maacks.com\/de\/wp-json\/wp\/v2\/posts\/975\/revisions"}],"wp:featuredmedia":[{"embeddable":true,"href":"https:\/\/www.maacks.com\/de\/wp-json\/wp\/v2\/media\/977"}],"wp:attachment":[{"href":"https:\/\/www.maacks.com\/de\/wp-json\/wp\/v2\/media?parent=975"}],"wp:term":[{"taxonomy":"category","embeddable":true,"href":"https:\/\/www.maacks.com\/de\/wp-json\/wp\/v2\/categories?post=975"},{"taxonomy":"post_tag","embeddable":true,"href":"https:\/\/www.maacks.com\/de\/wp-json\/wp\/v2\/tags?post=975"}],"curies":[{"name":"wp","href":"https:\/\/api.w.org\/{rel}","templated":true}]}}