{"id":1187,"date":"2023-01-10T11:00:28","date_gmt":"2023-01-10T10:00:28","guid":{"rendered":"https:\/\/www.maacks.com\/?p=1187"},"modified":"2023-05-22T09:38:30","modified_gmt":"2023-05-22T08:38:30","slug":"vi-udstiller-paa-affald-2023","status":"publish","type":"post","link":"https:\/\/www.maacks.com\/da_dk\/news-events\/events\/vi-udstiller-paa-affald-2023\/","title":{"rendered":"Vi udstiller p\u00e5 Affald 2023"},"content":{"rendered":"\t\t<div data-elementor-type=\"wp-post\" data-elementor-id=\"1187\" class=\"elementor elementor-1187\" data-elementor-post-type=\"post\">\n\t\t\t\t\t\t<section class=\"elementor-section elementor-top-section elementor-element elementor-element-d8f97bf elementor-section-boxed elementor-section-height-default elementor-section-height-default\" data-id=\"d8f97bf\" data-element_type=\"section\" data-e-type=\"section\">\n\t\t\t\t\t\t<div class=\"elementor-container elementor-column-gap-default\">\n\t\t\t\t\t<div class=\"elementor-column elementor-col-100 elementor-top-column elementor-element elementor-element-7affffc\" data-id=\"7affffc\" data-element_type=\"column\" data-e-type=\"column\">\n\t\t\t<div class=\"elementor-widget-wrap elementor-element-populated\">\n\t\t\t\t\t\t<div class=\"elementor-element elementor-element-f48d100 elementor-widget elementor-widget-text-editor\" data-id=\"f48d100\" data-element_type=\"widget\" data-e-type=\"widget\" data-widget_type=\"text-editor.default\">\n\t\t\t\t<div class=\"elementor-widget-container\">\n\t\t\t\t\t\t\t\t\t<p>Maacks udstiller igen p\u00e5 Dansk Affaldsforenings konference og \u00e5rsm\u00f8de \u2013 Affald 2023. Udstillingen finder sted den 24. maj 2023 p\u00e5 Nyborg Strand.\u00a0<\/p><p>Vi vil blandt andet pr\u00e6sentere vores BrainyBins Logistik &amp; Transportsystem for genbrugscontainere og genbrugspladser og den nyeste type af vores sensorer &#8211; BrainyBins Radar &#8211; som vi har s\u00f8gt et internationalt patent.<\/p><p>Find os i Vandrehallen &#8211; stand 13 &#8211; vi gl\u00e6der os til at m\u00f8de jer.<\/p>\t\t\t\t\t\t\t\t<\/div>\n\t\t\t\t<\/div>\n\t\t\t\t\t<\/div>\n\t\t<\/div>\n\t\t\t\t\t<\/div>\n\t\t<\/section>\n\t\t\t\t<\/div>\n\t\t","protected":false},"excerpt":{"rendered":"<p>Maacks udstiller igen p\u00e5 Dansk Affaldsforenings konference og \u00e5rsm\u00f8de \u2013 Affald 2023. Udstillingen finder sted den 24. maj 2023 p\u00e5 Nyborg Strand. <\/p>\n","protected":false},"author":2,"featured_media":1200,"comment_status":"open","ping_status":"open","sticky":false,"template":"","format":"standard","meta":{"footnotes":""},"categories":[11],"tags":[59,34,61,60],"class_list":["post-1187","post","type-post","status-publish","format-standard","has-post-thumbnail","hentry","category-events","tag-affald-2023","tag-brainybins-radar","tag-brainybins-system","tag-nyborg-strand"],"_links":{"self":[{"href":"https:\/\/www.maacks.com\/da_dk\/wp-json\/wp\/v2\/posts\/1187","targetHints":{"allow":["GET"]}}],"collection":[{"href":"https:\/\/www.maacks.com\/da_dk\/wp-json\/wp\/v2\/posts"}],"about":[{"href":"https:\/\/www.maacks.com\/da_dk\/wp-json\/wp\/v2\/types\/post"}],"author":[{"embeddable":true,"href":"https:\/\/www.maacks.com\/da_dk\/wp-json\/wp\/v2\/users\/2"}],"replies":[{"embeddable":true,"href":"https:\/\/www.maacks.com\/da_dk\/wp-json\/wp\/v2\/comments?post=1187"}],"version-history":[{"count":0,"href":"https:\/\/www.maacks.com\/da_dk\/wp-json\/wp\/v2\/posts\/1187\/revisions"}],"wp:featuredmedia":[{"embeddable":true,"href":"https:\/\/www.maacks.com\/da_dk\/wp-json\/wp\/v2\/media\/1200"}],"wp:attachment":[{"href":"https:\/\/www.maacks.com\/da_dk\/wp-json\/wp\/v2\/media?parent=1187"}],"wp:term":[{"taxonomy":"category","embeddable":true,"href":"https:\/\/www.maacks.com\/da_dk\/wp-json\/wp\/v2\/categories?post=1187"},{"taxonomy":"post_tag","embeddable":true,"href":"https:\/\/www.maacks.com\/da_dk\/wp-json\/wp\/v2\/tags?post=1187"}],"curies":[{"name":"wp","href":"https:\/\/api.w.org\/{rel}","templated":true}]}}